{"id":4938,"date":"2026-03-01T13:24:12","date_gmt":"2026-03-01T13:24:12","guid":{"rendered":"https:\/\/aiil-iadi.org\/?p=4938"},"modified":"2026-03-23T17:14:47","modified_gmt":"2026-03-23T17:14:47","slug":"kilimanjaro-summer-academy-for-2026","status":"publish","type":"post","link":"https:\/\/aiil-iadi.org\/fr\/kilimanjaro-summer-academy-for-2026\/","title":{"rendered":"Acad\u00e9mie d'\u00e9t\u00e9 du Kilimandjaro pour 2026"},"content":{"rendered":"<div style=\"height:47px\" aria-hidden=\"true\" class=\"wp-block-spacer\"><\/div>\n\n\n\n<p>Le site <strong>2026 Acad\u00e9mie d'\u00e9t\u00e9 sur le droit de l'Union africaine et le droit public africain<\/strong> est un programme de deux semaines con\u00e7u pour permettre aux participants de mieux comprendre les cadres juridiques de l'Afrique. L'acad\u00e9mie couvre des domaines cl\u00e9s tels que la paix et la s\u00e9curit\u00e9, les droits de l'homme, le droit de l'environnement et la Zone de libre-\u00e9change continentale africaine (ZLECA), avec des conf\u00e9rences donn\u00e9es par des universitaires, des juges et des praticiens africains de premier plan.<\/p>\n\n\n\n<p>Ce programme est ouvert aux \u00e9tudiants, aux professionnels, aux fonctionnaires et aux d\u00e9cideurs politiques qui s'int\u00e9ressent aux syst\u00e8mes juridiques africains. \u00c0 la fin du cours, les participants recevront un <strong>Certificat de participation<\/strong> pour reconna\u00eetre leur r\u00e9ussite.<\/p>\n\n\n\n<div data-wp-interactive=\"core\/file\" class=\"wp-block-file\"><object data-wp-bind--hidden=\"!state.hasPdfPreview\" hidden class=\"wp-block-file__embed\" data=\"https:\/\/aiil-iadi.org\/wp-content\/uploads\/2026\/03\/BROCHURE-EN-2026-NEW.pdf\" type=\"application\/pdf\" style=\"width:100%;height:600px\" aria-label=\"Contenu embarqu\u00e9 BROCHURE-EN 2026 NEW.\"><\/object><a id=\"wp-block-file--media-4c65cf2b-ea43-4f1d-939e-f9b01638693e\" href=\"https:\/\/aiil-iadi.org\/wp-content\/uploads\/2026\/03\/BROCHURE-EN-2026-NEW.pdf\">BROCHURE-FR 2026 NOUVEAU<\/a><a href=\"https:\/\/aiil-iadi.org\/wp-content\/uploads\/2026\/03\/BROCHURE-EN-2026-NEW.pdf\" class=\"wp-block-file__button wp-element-button\" download aria-describedby=\"wp-block-file--media-4c65cf2b-ea43-4f1d-939e-f9b01638693e\">T\u00e9l\u00e9charger<\/a><\/div>\n\n\n\n<div style=\"height:100px\" aria-hidden=\"true\" class=\"wp-block-spacer\"><\/div>\n\n\n\n<hr class=\"wp-block-separator has-alpha-channel-opacity\"\/>\n\n\n\n<p>Pour plus d'informations sur les frais, les dates limites d'inscription et le programme complet, veuillez consulter le site suivant <a href=\"https:\/\/aiil-iadi.org\/wp-content\/uploads\/2026\/03\/BROCHURE-EN-2026-NEW.pdf\" target=\"_blank\" data-type=\"link\" data-id=\"https:\/\/aiil-iadi.org\/wp-content\/uploads\/2026\/03\/BROCHURE-EN-2026-NEW.pdf\" rel=\"noreferrer noopener\">t\u00e9l\u00e9charger la brochure (PDF)<\/a>.<\/p>\n\n\n\n<div style=\"height:52px\" aria-hidden=\"true\" class=\"wp-block-spacer\"><\/div>\n\n\n\n<p>Si vous souhaitez poser votre candidature, utilisez le lien ci-dessous :<\/p>\n\n\n\n<div class=\"wp-block-buttons is-layout-flex wp-block-buttons-is-layout-flex\">\n<div class=\"wp-block-button\"><a class=\"wp-block-button__link has-background wp-element-button\" href=\"https:\/\/aiil-iadi.org\/fr\/kilimanjaro-summer-academy-application-form-2026\/\" style=\"background-color:#dda200\" target=\"_blank\" rel=\"noreferrer noopener\"><strong>Postulez ici !<\/strong><\/a><\/div>\n<\/div>\n\n\n\n<div style=\"height:52px\" aria-hidden=\"true\" class=\"wp-block-spacer\"><\/div>","protected":false},"excerpt":{"rendered":"<p>The 2026 Summer Academy on African Union Law and Public Law of Africa is a two-week program designed to give participants a deeper understanding of Africa\u2019s legal frameworks. The academy covers key areas such as peace and security, human rights, environmental law, and the African Continental Free Trade Area (AfCFTA), with lectures delivered by leading [&hellip;]<\/p>\n","protected":false},"author":7,"featured_media":5049,"comment_status":"open","ping_status":"open","sticky":false,"template":"","format":"standard","meta":{"_acf_changed":false,"footnotes":""},"categories":[17],"tags":[],"class_list":["post-4938","post","type-post","status-publish","format-standard","has-post-thumbnail","hentry","category-news-and-events"],"acf":[],"_links":{"self":[{"href":"https:\/\/aiil-iadi.org\/fr\/wp-json\/wp\/v2\/posts\/4938","targetHints":{"allow":["GET"]}}],"collection":[{"href":"https:\/\/aiil-iadi.org\/fr\/wp-json\/wp\/v2\/posts"}],"about":[{"href":"https:\/\/aiil-iadi.org\/fr\/wp-json\/wp\/v2\/types\/post"}],"author":[{"embeddable":true,"href":"https:\/\/aiil-iadi.org\/fr\/wp-json\/wp\/v2\/users\/7"}],"replies":[{"embeddable":true,"href":"https:\/\/aiil-iadi.org\/fr\/wp-json\/wp\/v2\/comments?post=4938"}],"version-history":[{"count":7,"href":"https:\/\/aiil-iadi.org\/fr\/wp-json\/wp\/v2\/posts\/4938\/revisions"}],"predecessor-version":[{"id":5027,"href":"https:\/\/aiil-iadi.org\/fr\/wp-json\/wp\/v2\/posts\/4938\/revisions\/5027"}],"wp:featuredmedia":[{"embeddable":true,"href":"https:\/\/aiil-iadi.org\/fr\/wp-json\/wp\/v2\/media\/5049"}],"wp:attachment":[{"href":"https:\/\/aiil-iadi.org\/fr\/wp-json\/wp\/v2\/media?parent=4938"}],"wp:term":[{"taxonomy":"category","embeddable":true,"href":"https:\/\/aiil-iadi.org\/fr\/wp-json\/wp\/v2\/categories?post=4938"},{"taxonomy":"post_tag","embeddable":true,"href":"https:\/\/aiil-iadi.org\/fr\/wp-json\/wp\/v2\/tags?post=4938"}],"curies":[{"name":"wp","href":"https:\/\/api.w.org\/{rel}","templated":true}]}}