{"id":5099,"date":"2026-09-03T08:27:36","date_gmt":"2026-09-03T08:27:36","guid":{"rendered":"https:\/\/aiil-iadi.org\/?p=5099"},"modified":"2026-09-03T08:28:32","modified_gmt":"2026-09-03T08:28:32","slug":"call-for-applications-training-workshop","status":"publish","type":"post","link":"https:\/\/aiil-iadi.org\/fr\/call-for-applications-training-workshop\/","title":{"rendered":"APPEL \u00c0 CANDIDATURES \u2013 Atelier de formation"},"content":{"rendered":"<p class=\"wp-block-paragraph\"><strong>Atelier de formation inaugural enti\u00e8rement financ\u00e9 sur la protection du droit \u00e0 la culture dans les zones de conflit et les zones rurales en Afrique<\/strong><\/p>\n\n\n\n<p class=\"wp-block-paragraph\"><strong>Arusha, Tanzanie | Du 12 au 16 octobre 2026<\/strong><\/p>\n\n\n\n<p class=\"wp-block-paragraph\">Le site <strong>Institut africain de droit international (AIIL)<\/strong> invite les professionnels, praticiens, universitaires et acteurs locaux poss\u00e9dant les qualifications requises \u00e0 poser leur candidature pour participer \u00e0 son premier atelier continental de formation sur <strong>\u201c Prot\u00e9ger le droit \u00e0 la culture dans les zones de conflit et les zones rurales en Afrique \u201d,\u201d<\/strong> qui se tiendra \u00e0 Arusha, en Tanzanie, du <strong>Du 12 au 16 octobre 2026<\/strong>.<\/p>\n\n\n\n<p class=\"wp-block-paragraph\">Partout en Afrique, les conflits arm\u00e9s, l\u2019extr\u00e9misme violent, les d\u00e9placements forc\u00e9s, les trafics illicites, la d\u00e9gradation de l\u2019environnement, les activit\u00e9s extractives, le changement climatique et la marginalisation des communaut\u00e9s rurales et autochtones continuent de menacer le patrimoine culturel, les savoirs traditionnels, les langues, les identit\u00e9s culturelles, les lieux sacr\u00e9s, les terres ancestrales et la capacit\u00e9 des communaut\u00e9s \u00e0 participer librement \u00e0 la vie culturelle. Bien que les cadres juridiques internationaux, r\u00e9gionaux et nationaux offrent des protections importantes, d\u2019importantes lacunes juridiques, institutionnelles et op\u00e9rationnelles subsistent.<\/p>\n\n\n\n<p class=\"wp-block-paragraph\">Cet atelier r\u00e9unira environ <strong>42 participants soigneusement s\u00e9lectionn\u00e9s<\/strong> venus de toute l\u2019Afrique afin d\u2019analyser ces enjeux, de renforcer les capacit\u00e9s professionnelles et d\u2019\u00e9laborer des recommandations concr\u00e8tes et fond\u00e9es sur le droit, visant \u00e0 assurer une protection efficace des droits culturels dans les zones rurales et touch\u00e9es par des conflits. Il s\u2019agit de la phase inaugurale d\u2019une initiative plus large et \u00e0 long terme de l\u2019AIIL consacr\u00e9e \u00e0 la protection des droits culturels en Afrique.<\/p>\n\n\n\n<p class=\"wp-block-paragraph\"><strong>Objectifs de l'atelier<\/strong><\/p>\n\n\n\n<p class=\"wp-block-paragraph\">Cet atelier a pour objectif :<\/p>\n\n\n\n<ul class=\"wp-block-list\">\n<li>renforcer la compr\u00e9hension qu'ont les participants des cadres juridiques internationaux, r\u00e9gionaux et nationaux r\u00e9gissant les droits culturels et la protection du patrimoine culturel ;<\/li>\n\n\n\n<li>examiner les menaces qui p\u00e8sent sur les droits culturels et qui d\u00e9coulent des conflits arm\u00e9s, des d\u00e9placements de population, de la marginalisation rurale, des initiatives de conservation, des activit\u00e9s extractives et des perturbations li\u00e9es au climat ;<\/li>\n\n\n\n<li>\u00e9valuer la protection des peuples autochtones, des \u00e9leveurs, des chasseurs-cueilleurs et des autres communaut\u00e9s rurales dont l'identit\u00e9 culturelle et la survie sont \u00e9troitement li\u00e9es aux terres ancestrales, aux moyens de subsistance traditionnels et aux syst\u00e8mes de savoirs ;<\/li>\n\n\n\n<li>examiner les questions de responsabilit\u00e9 en cas d'attaques contre le patrimoine culturel et les droits culturels au regard du droit international des droits de l'homme, du droit international humanitaire et du droit p\u00e9nal international ;<\/li>\n\n\n\n<li>renforcer les comp\u00e9tences pratiques en mati\u00e8re de documentation des violations des droits culturels, d'enqu\u00eate, de conservation et de gestion des preuves, ainsi que de restitution et de recouvrement ;<\/li>\n\n\n\n<li>offrir une plateforme structur\u00e9e permettant aux participants issus des zones et des communaut\u00e9s touch\u00e9es de pr\u00e9senter leurs t\u00e9moignages et de partager leurs exp\u00e9riences concr\u00e8tes ;<\/li>\n\n\n\n<li>identifier les lacunes en mati\u00e8re de protection sur les plans juridique, institutionnel, politique, op\u00e9rationnel et communautaire ;<\/li>\n\n\n\n<li>favoriser la coop\u00e9ration entre les pouvoirs publics, les institutions judiciaires, les universit\u00e9s, la soci\u00e9t\u00e9 civile, les organismes charg\u00e9s du patrimoine culturel et les communaut\u00e9s concern\u00e9es ; et<\/li>\n\n\n\n<li>formuler des recommandations concr\u00e8tes en mati\u00e8re de r\u00e9forme des politiques, de renforcement des institutions, de formation future, de recherche et de coop\u00e9ration r\u00e9gionale.<\/li>\n<\/ul>\n\n\n\n<p class=\"wp-block-paragraph\"><strong>Programme et m\u00e9thodologie<\/strong><\/p>\n\n\n\n<p class=\"wp-block-paragraph\">Cet atelier associera :<\/p>\n\n\n\n<ul class=\"wp-block-list\">\n<li>des expos\u00e9s de fond pr\u00e9sent\u00e9s par d\u2019\u00e9minents experts internationaux et africains ;<\/li>\n\n\n\n<li>des discussions interactives et des \u00e9tudes de cas comparatives ;<\/li>\n\n\n\n<li>des t\u00e9moignages recueillis aupr\u00e8s des participants sur les conditions de vie dans les zones touch\u00e9es par les conflits et les communaut\u00e9s rurales ;<\/li>\n\n\n\n<li>recueil des difficult\u00e9s rencontr\u00e9es, des bonnes pratiques et des r\u00e9ponses apport\u00e9es par les communaut\u00e9s ;<\/li>\n\n\n\n<li>des groupes de travail interdisciplinaires ;<\/li>\n\n\n\n<li>l'\u00e9laboration et l'adoption de recommandations pratiques ; et<\/li>\n\n\n\n<li>visites p\u00e9dagogiques \u00e0 la <strong>M\u00e9canisme international r\u00e9siduel des Nations Unies pour les tribunaux p\u00e9naux<\/strong>, le <strong>Cour africaine des droits de l\u2019homme et des peuples<\/strong>, et le <strong>Cour de justice de l'Afrique de l'Est<\/strong>.<\/li>\n<\/ul>\n\n\n\n<p class=\"wp-block-paragraph\">Les rapporteurs consigneront les exp\u00e9riences, les d\u00e9fis, les bonnes pratiques et les recommandations issues de l'atelier. Ces contributions seront regroup\u00e9es dans le rapport final <strong>Rapport et recommandations de l'atelier<\/strong>, permettant ainsi \u00e0 cet atelier de servir \u00e0 la fois de programme de renforcement des capacit\u00e9s et d\u2019exercice continental de bilan et de consultation.<\/p>\n\n\n\n<p class=\"wp-block-paragraph\"><strong>Qui peut postuler ?<\/strong><\/p>\n\n\n\n<p class=\"wp-block-paragraph\">Les candidatures de candidats africains poss\u00e9dant les qualifications requises sont les bienvenues, en particulier :<\/p>\n\n\n\n<ul class=\"wp-block-list\">\n<li>les juristes et fonctionnaires des minist\u00e8res charg\u00e9s de la justice, de la culture, des affaires \u00e9trang\u00e8res, des collectivit\u00e9s locales, de l'am\u00e9nagement du territoire, de l'environnement et des affaires autochtones ou communautaires ;<\/li>\n\n\n\n<li>les juges, les magistrats, les procureurs et les autres fonctionnaires de justice ;<\/li>\n\n\n\n<li>les parlementaires et les conseillers juridiques ou politiques des parlementaires ;<\/li>\n\n\n\n<li>les responsables du secteur de la s\u00e9curit\u00e9 dont les attributions concernent la protection des civils, des biens culturels ou des communaut\u00e9s en situation d'urgence ;<\/li>\n\n\n\n<li>universitaires et chercheurs sp\u00e9cialis\u00e9s en droit, en \u00e9tudes culturelles, en anthropologie, en histoire, en arch\u00e9ologie, en patrimoine, en \u00e9tudes sur les conflits, en consolidation de la paix ou dans des disciplines connexes ;<\/li>\n\n\n\n<li>des repr\u00e9sentants d'organisations de la soci\u00e9t\u00e9 civile et de d\u00e9fense des droits de l'homme ;<\/li>\n\n\n\n<li>les professionnels travaillant dans les mus\u00e9es, les archives, les institutions culturelles et les organismes de protection du patrimoine ;<\/li>\n\n\n\n<li>des repr\u00e9sentants d'organisations internationales et r\u00e9gionales ;<\/li>\n\n\n\n<li>les responsables communautaires et les repr\u00e9sentants des peuples autochtones, des \u00e9leveurs, des chasseurs-cueilleurs et d\u2019autres communaut\u00e9s rurales ; et<\/li>\n\n\n\n<li>des professionnels ayant une exp\u00e9rience directe dans le recensement ou la gestion des attaques contre le patrimoine culturel et les droits culturels.<\/li>\n<\/ul>\n\n\n\n<p class=\"wp-block-paragraph\">Une attention particuli\u00e8re sera accord\u00e9e aux candidats justifiant d'une exp\u00e9rience acad\u00e9mique ou pratique av\u00e9r\u00e9e dans les domaines suivants : <strong>les zones touch\u00e9es par la guerre, les d\u00e9placements forc\u00e9s, le patrimoine culturel menac\u00e9, les communaut\u00e9s rurales, les peuples autochtones ou d\u2019autres communaut\u00e9s dont les droits culturels sont gravement menac\u00e9s<\/strong>.<\/p>\n\n\n\n<p class=\"wp-block-paragraph\">Les candidats doivent \u00eatre disponibles pour participer pleinement \u00e0 l'int\u00e9gralit\u00e9 du programme, d'une dur\u00e9e de cinq jours.<\/p>\n\n\n\n<p class=\"wp-block-paragraph\"><strong>Soutien financier<\/strong><\/p>\n\n\n\n<p class=\"wp-block-paragraph\">La participation \u00e0 l'atelier est <strong>enti\u00e8rement financ\u00e9<\/strong> pour les participants s\u00e9lectionn\u00e9s. L'Institut africain de droit international prendra en charge :<\/p>\n\n\n\n<ul class=\"wp-block-list\">\n<li>un billet d'avion aller-retour en classe \u00e9conomique \u00e0 destination et au d\u00e9part d'Arusha ;<\/li>\n\n\n\n<li>l'h\u00e9bergement \u00e0 l'h\u00f4tel pendant toute la dur\u00e9e de l'atelier ;<\/li>\n\n\n\n<li>les repas pendant le programme ;<\/li>\n\n\n\n<li>les transferts depuis l'a\u00e9roport et les d\u00e9placements locaux n\u00e9cessaires \u00e0 Arusha ; et<\/li>\n\n\n\n<li>les frais li\u00e9s \u00e0 la participation \u00e0 l'atelier et aux visites d'\u00e9tablissements pr\u00e9vues.<\/li>\n<\/ul>\n\n\n\n<p class=\"wp-block-paragraph\">Une aide financi\u00e8re ne sera accord\u00e9e qu\u2019aux candidats officiellement s\u00e9lectionn\u00e9s et invit\u00e9s par l\u2019Institut. Les candidats sont donc pri\u00e9s de ne pas organiser leur voyage avant d\u2019avoir re\u00e7u une invitation officielle et des instructions compl\u00e9mentaires de la part de l\u2019AIIL.<\/p>\n\n\n\n<p class=\"wp-block-paragraph\"><strong>Conditions de candidature<\/strong><\/p>\n\n\n\n<p class=\"wp-block-paragraph\">Les candidats doivent fournir :<\/p>\n\n\n\n<ol start=\"1\" class=\"wp-block-list\">\n<li>un curriculum vitae \u00e0 jour ;<\/li>\n\n\n\n<li>une br\u00e8ve lettre de motivation expliquant leur int\u00e9r\u00eat pour l'atelier et en quoi celui-ci s'inscrit dans le cadre de leur activit\u00e9 professionnelle, universitaire ou associative ;<\/li>\n\n\n\n<li>une description concise de leur exp\u00e9rience universitaire ou pratique pertinente, notamment en ce qui concerne les zones touch\u00e9es par des conflits, les communaut\u00e9s rurales, les peuples autochtones, le patrimoine culturel ou la protection des droits culturels ;<\/li>\n\n\n\n<li>leur affiliation institutionnelle actuelle et leur fonction ;<\/li>\n\n\n\n<li>leur pays de nationalit\u00e9 et leur pays de r\u00e9sidence ; et<\/li>\n\n\n\n<li>la confirmation de leur disponibilit\u00e9 pour participer \u00e0 l'int\u00e9gralit\u00e9 de l'atelier qui se tiendra \u00e0 Arusha du 12 au 16 octobre 2026.<\/li>\n<\/ol>\n\n\n\n<p class=\"wp-block-paragraph\">Les candidats disposant d'une exp\u00e9rience directe sur le terrain ou au sein d'une communaut\u00e9 sont invit\u00e9s \u00e0 pr\u00e9ciser la situation particuli\u00e8re, la communaut\u00e9 concern\u00e9e ou la pratique institutionnelle qu'ils seraient pr\u00eats \u00e0 pr\u00e9senter lors des s\u00e9ances de t\u00e9moignages et de partage d'exp\u00e9riences anim\u00e9es par les participants.<\/p>\n\n\n\n<p class=\"wp-block-paragraph\"><strong>Processus de s\u00e9lection<\/strong><\/p>\n\n\n\n<p class=\"wp-block-paragraph\">La s\u00e9lection se fera sur une base concurrentielle et reposera principalement sur :<\/p>\n\n\n\n<ul class=\"wp-block-list\">\n<li>la pertinence de l'exp\u00e9rience professionnelle, universitaire ou associative du candidat ;<\/li>\n\n\n\n<li>un engagement av\u00e9r\u00e9 en faveur des droits culturels, du patrimoine culturel, des conflits arm\u00e9s, des d\u00e9placements de population, des communaut\u00e9s rurales ou des peuples autochtones ;<\/li>\n\n\n\n<li>la capacit\u00e9 du candidat \u00e0 apporter une contribution substantielle aux d\u00e9bats et aux recommandations de l'atelier ;<\/li>\n\n\n\n<li>l'int\u00e9r\u00eat concret de l'exp\u00e9rience du candidat pour le partage des connaissances \u00e0 l'\u00e9chelle continentale ; et<\/li>\n\n\n\n<li>la n\u00e9cessit\u00e9 de garantir une diversit\u00e9 g\u00e9ographique, linguistique, professionnelle, institutionnelle et en mati\u00e8re de genre.<\/li>\n<\/ul>\n\n\n\n<p class=\"wp-block-paragraph\">Le d\u00e9p\u00f4t d'une candidature ne garantit pas automatiquement la s\u00e9lection. Seuls les candidats dont le profil correspond \u00e9troitement aux objectifs et \u00e0 la sp\u00e9cificit\u00e9 de l'atelier seront invit\u00e9s.<\/p>\n\n\n\n<p class=\"wp-block-paragraph\"><strong>Envoi et date limite<\/strong><\/p>\n\n\n\n<p class=\"wp-block-paragraph\">Les candidatures doivent \u00eatre envoy\u00e9es par e-mail \u00e0 l'adresse suivante :<\/p>\n\n\n\n<p class=\"wp-block-paragraph\"><a href=\"mailto:programs@aiil-iadi.org\"><strong>programs@aiil-iadi.org<\/strong><\/a><\/p>\n\n\n\n<p class=\"wp-block-paragraph\">L'objet du message doit \u00eatre le suivant :<\/p>\n\n\n\n<p class=\"wp-block-paragraph\"><strong>Candidature \u2013 Atelier sur les droits culturels 2026<\/strong><\/p>\n\n\n\n<p class=\"wp-block-paragraph\">Le dossier de candidature complet doit nous parvenir au plus tard le :<\/p>\n\n\n\n<p class=\"wp-block-paragraph\"><strong>Mercredi 9 septembre 2026, \u00e0 midi (heure d'Afrique de l'Est)<\/strong><\/p>\n\n\n\n<p class=\"wp-block-paragraph\">Les candidatures re\u00e7ues apr\u00e8s la date limite ou ne comportant pas tous les documents requis pourraient ne pas \u00eatre prises en compte.<\/p>","protected":false},"excerpt":{"rendered":"<p>Fully Funded Inaugural Training Workshop on Protecting the Right to Culture in War Zones and Rural Areas in Africa Arusha, Tanzania | 12\u201316 October 2026 The African Institute of International Law (AIIL) invites applications from suitably qualified professionals, practitioners, academics and community actors to participate in its inaugural continental training workshop on \u201cProtecting the Right [&hellip;]<\/p>\n","protected":false},"author":7,"featured_media":5101,"comment_status":"open","ping_status":"open","sticky":false,"template":"","format":"standard","meta":{"_acf_changed":false,"footnotes":""},"categories":[17],"tags":[],"class_list":["post-5099","post","type-post","status-publish","format-standard","has-post-thumbnail","hentry","category-news-and-events"],"acf":[],"_links":{"self":[{"href":"https:\/\/aiil-iadi.org\/fr\/wp-json\/wp\/v2\/posts\/5099","targetHints":{"allow":["GET"]}}],"collection":[{"href":"https:\/\/aiil-iadi.org\/fr\/wp-json\/wp\/v2\/posts"}],"about":[{"href":"https:\/\/aiil-iadi.org\/fr\/wp-json\/wp\/v2\/types\/post"}],"author":[{"embeddable":true,"href":"https:\/\/aiil-iadi.org\/fr\/wp-json\/wp\/v2\/users\/7"}],"replies":[{"embeddable":true,"href":"https:\/\/aiil-iadi.org\/fr\/wp-json\/wp\/v2\/comments?post=5099"}],"version-history":[{"count":1,"href":"https:\/\/aiil-iadi.org\/fr\/wp-json\/wp\/v2\/posts\/5099\/revisions"}],"predecessor-version":[{"id":5102,"href":"https:\/\/aiil-iadi.org\/fr\/wp-json\/wp\/v2\/posts\/5099\/revisions\/5102"}],"wp:featuredmedia":[{"embeddable":true,"href":"https:\/\/aiil-iadi.org\/fr\/wp-json\/wp\/v2\/media\/5101"}],"wp:attachment":[{"href":"https:\/\/aiil-iadi.org\/fr\/wp-json\/wp\/v2\/media?parent=5099"}],"wp:term":[{"taxonomy":"category","embeddable":true,"href":"https:\/\/aiil-iadi.org\/fr\/wp-json\/wp\/v2\/categories?post=5099"},{"taxonomy":"post_tag","embeddable":true,"href":"https:\/\/aiil-iadi.org\/fr\/wp-json\/wp\/v2\/tags?post=5099"}],"curies":[{"name":"wp","href":"https:\/\/api.w.org\/{rel}","templated":true}]}}